{"id":778,"date":"2020-10-31T13:22:43","date_gmt":"2020-10-31T12:22:43","guid":{"rendered":"https:\/\/www.glub.biz\/?p=778"},"modified":"2020-10-31T13:22:43","modified_gmt":"2020-10-31T12:22:43","slug":"librecon-2020-se-celebrara-el-11-de-noviembre-en-bilbao","status":"publish","type":"post","link":"https:\/\/www.glub.biz\/?p=778","title":{"rendered":"LIBRECON 2020 se celebrar\u00e1 el 11 de noviembre en Bilbao."},"content":{"rendered":"<p><strong>El evento internacional del sector de las tecnolog\u00edas abiertas, LIBRECON 2020, celebrar\u00e1 su novena edici\u00f3n el 11 de noviembre en Bilbao. Este a\u00f1o, el evento adoptar\u00e1 un nuevo formato y se celebrar\u00e1 v\u00eda online, adecu\u00e1ndose as\u00ed a las circunstancias de la pandemia. Adem\u00e1s del formato, el contenido de esta edici\u00f3n tambi\u00e9n estar\u00e1 marcado por la COVID-19.<\/strong><br \/>\n<img decoding=\"async\" src=\"https:\/\/www.glub.biz\/media\/images\/2020\/librecon-2020.jpg\" alt=\"LIBRECON 2020\" class=\"alignnone size-medium\" width=\"480\"><\/p>\n<p>El evento internacional del sector de las tecnolog\u00edas abiertas pondr\u00e1 acento en los retos surgidos en la pandemia y las aportaciones de la comunidad Open. Teletrabajo, ciberseguridad, teleeducaci\u00f3n, comercio electr\u00f3nico, Open Industy 4.0, transformaci\u00f3n digital en la administraci\u00f3n p\u00fablica y soberan\u00eda tecnol\u00f3gica ser\u00e1n algunos de los temas que se abordar\u00e1n.<\/p>\n<p>Organizado por la Asociaci\u00f3n ESLE (Asociaci\u00f3n de empresas del sector de tecnolog\u00edas libres  y conocimiento abierto de Euskadi) y la Federaci\u00f3n Nacional de Empresas de Software Libre Asolif (Asociaciones de Software Libre Federadas), el evento se dirige tanto a la comunidad OPEN como a entidades del sector local, cl\u00fasteres profesionales, CIO\/CTO\/CEOs y al sector formativo.<!--more--><\/p>\n<p>Desde el 15 de octubre, es posible inscribirse a esta nueva edici\u00f3n de LIBRECON desde su p\u00e1gina web <a href=\"http:\/\/www.librecon.io\" target=\"_blank\" rel=\"noopener noreferrer\">www.librecon.io<\/a><\/p>\n<p>Fuente: <a href=\"https:\/\/www.eitb.eus\/es\/noticias\/tecnologia\/detalle\/7566715\/librecon-2020-se-celebrara-11-noviembre-bilbao\/\" target=\"_blank\" rel=\"noopener noreferrer\">eitb.eus<\/a><\/p>\n","protected":false},"excerpt":{"rendered":"<p>El evento internacional del sector de las tecnolog\u00edas abiertas, LIBRECON 2020, celebrar\u00e1 su novena edici\u00f3n el 11 de noviembre en Bilbao. Este a\u00f1o, el evento adoptar\u00e1 un nuevo formato y se celebrar\u00e1 v\u00eda online, adecu\u00e1ndose as\u00ed a las circunstancias de &hellip; <a href=\"https:\/\/www.glub.biz\/?p=778\">Sigue leyendo <span class=\"meta-nav\">&rarr;<\/span><\/a><\/p>\n","protected":false},"author":2,"featured_media":0,"comment_status":"closed","ping_status":"closed","sticky":false,"template":"","format":"standard","meta":{"footnotes":""},"categories":[6],"tags":[],"class_list":["post-778","post","type-post","status-publish","format-standard","hentry","category-noticias"],"_links":{"self":[{"href":"https:\/\/www.glub.biz\/index.php?rest_route=\/wp\/v2\/posts\/778","targetHints":{"allow":["GET"]}}],"collection":[{"href":"https:\/\/www.glub.biz\/index.php?rest_route=\/wp\/v2\/posts"}],"about":[{"href":"https:\/\/www.glub.biz\/index.php?rest_route=\/wp\/v2\/types\/post"}],"author":[{"embeddable":true,"href":"https:\/\/www.glub.biz\/index.php?rest_route=\/wp\/v2\/users\/2"}],"replies":[{"embeddable":true,"href":"https:\/\/www.glub.biz\/index.php?rest_route=%2Fwp%2Fv2%2Fcomments&post=778"}],"version-history":[{"count":2,"href":"https:\/\/www.glub.biz\/index.php?rest_route=\/wp\/v2\/posts\/778\/revisions"}],"predecessor-version":[{"id":780,"href":"https:\/\/www.glub.biz\/index.php?rest_route=\/wp\/v2\/posts\/778\/revisions\/780"}],"wp:attachment":[{"href":"https:\/\/www.glub.biz\/index.php?rest_route=%2Fwp%2Fv2%2Fmedia&parent=778"}],"wp:term":[{"taxonomy":"category","embeddable":true,"href":"https:\/\/www.glub.biz\/index.php?rest_route=%2Fwp%2Fv2%2Fcategories&post=778"},{"taxonomy":"post_tag","embeddable":true,"href":"https:\/\/www.glub.biz\/index.php?rest_route=%2Fwp%2Fv2%2Ftags&post=778"}],"curies":[{"name":"wp","href":"https:\/\/api.w.org\/{rel}","templated":true}]}}